{"id":866,"date":"2021-11-07T11:01:31","date_gmt":"2021-11-07T14:01:31","guid":{"rendered":"http:\/\/www.sds2021.ufpr.br\/?p=866"},"modified":"2021-11-30T14:59:16","modified_gmt":"2021-11-30T17:59:16","slug":"sessao-tecnica-dia-1-1100-1130","status":"publish","type":"post","link":"http:\/\/www.sds2021.ufpr.br\/?p=866","title":{"rendered":"Sess\u00e3o t\u00e9cnica Dia 1 | 11:00 &#8211; 11:30"},"content":{"rendered":"\n<div class=\"wp-block-cover alignfull has-nv-c-1-background-color has-background-dim\" style=\"min-height:338px\" id=\"nacional\"><div class=\"wp-block-cover__inner-container\">\n<p><\/p>\n\n\n\n<div class=\"wp-block-columns alignwide are-vertically-aligned-top\">\n<div class=\"wp-block-column is-vertically-aligned-top\" style=\"flex-basis:5%\"><\/div>\n\n\n\n<div class=\"wp-block-column is-vertically-aligned-top\">\n<h1><span class=\"has-inline-color has-nv-text-dark-bg-color\">Apresenta\u00e7\u00e3o de Artigos<\/span><\/h1>\n\n\n\n<p class=\"has-nv-site-bg-color has-text-color\" id=\"block-f61ea6ed-2939-4409-a002-8c50694d0d40\"><em>Technical session &#8211;<\/em> <em>Scientific<\/em> <em>articles presentation and live debate<\/em><\/p>\n\n\n\n<p><span class=\"has-inline-color has-nv-site-bg-color\"><strong>Dia 01 Dezembro<\/strong><em>| December 1st<\/em><strong><br>11:00 \u2013 11:30<\/strong> | Brazil Time<strong><br>Idioma: Portugu\u00eas<\/strong><\/span><\/p>\n\n\n\n<figure class=\"wp-block-image size-large is-resized\"><a href=\"http:\/\/www.sds2021.ufpr.br\/?page_id=267\"><img loading=\"lazy\" src=\"http:\/\/www.sds2021.ufpr.br\/wp-content\/uploads\/2021\/11\/standard.png\" alt=\"\" class=\"wp-image-992\" width=\"113\" height=\"22\"\/><\/a><\/figure>\n<\/div>\n\n\n\n<div class=\"wp-block-column\" style=\"flex-basis:5%\"><\/div>\n<\/div>\n<\/div><\/div>\n\n\n\n<p><\/p>\n\n\n\n<div class=\"wp-block-columns alignwide\">\n<div class=\"wp-block-column\" style=\"flex-basis:5%\"><\/div>\n\n\n\n<div class=\"wp-block-column\" style=\"flex-basis:90%\">\n<h4><strong>Artigos<\/strong> cient\u00edficos <strong>desta sess\u00e3o<\/strong><\/h4>\n\n\n\n<p>[#53]\u00a0<strong>Design, agroecologia e inova\u00e7\u00e3o social: Conceitos e an\u00e1lise de um servi\u00e7o relacional<\/strong>\u00a0<br><em><strong>Design, agroecology and social innovation: Concepts and analysis of a relational service<\/strong><\/em><br><em>Thalita Barbalho and Rita Engler<\/em><\/p>\n\n\n\n<p><a href=\"https:\/\/eventos.ufpr.br\/sds\/sds\/paper\/view\/4530\" data-type=\"URL\" data-id=\"https:\/\/eventos.ufpr.br\/sds\/sds\/paper\/view\/4530\">PDF Download<\/a>   |   <a href=\"https:\/\/youtu.be\/MR8hEU5bf0Q\" data-type=\"URL\" data-id=\"https:\/\/youtu.be\/MR8hEU5bf0Q\">YouTube Video<\/a><\/p>\n\n\n\n<p class=\"has-small-font-size\">O presente artigo apresenta a revis\u00e3o dos conceitos de inova\u00e7\u00e3o social, design para a inova\u00e7\u00e3o social, servi\u00e7os tradicionais, design de servi\u00e7os e design de servi\u00e7os relacionais com o objetivo de analisar o coletivo Agroecologia na Periferia, que atua como uma assessoria t\u00e9cnica agroecol\u00f3gica na cidade de Belo Horizonte e regi\u00e3o metropolitana. Como resultado, obtivemos a compreens\u00e3o, na pr\u00e1tica, dos conceitos apresentados previamente e tamb\u00e9m a diferen\u00e7a entre a perspectiva de servi\u00e7os tradicionais e servi\u00e7os relacionais na atua\u00e7\u00e3o do coletivo.<\/p>\n\n\n\n<hr class=\"wp-block-separator has-text-color has-background has-nv-light-bg-background-color has-nv-light-bg-color\"\/>\n\n\n\n<p>[#38]\u00a0<strong>Design e identidade cultural: O papel do profissional na valoriza\u00e7\u00e3o da cultura local<\/strong>\u00a0<br><strong><em>Design and cultural identity: The role of the professional in the value of local culture<\/em><\/strong><br><em>Ana Lu\u00edsa Trevisan dos Santos, Carolina Carrijo Costa, Carolina Fernandes Vaz, Viviane dos Guimar\u00e3es Alvim Nunes and Samuel Borges Barbosa<\/em><\/p>\n\n\n\n<p><a href=\"https:\/\/eventos.ufpr.br\/sds\/sds\/paper\/view\/4493\" data-type=\"URL\" data-id=\"https:\/\/eventos.ufpr.br\/sds\/sds\/paper\/view\/4493\">PDF Download<\/a>   |   <a href=\"https:\/\/youtu.be\/wfI72sKpUH4\" data-type=\"URL\" data-id=\"https:\/\/youtu.be\/wfI72sKpUH4\">YouTube Video<\/a><\/p>\n\n\n\n<p class=\"has-small-font-size\">No contexto de mundo capitalista, globalizado e cada vez mais homogeneizado, a cultura se torna uma ferramenta de suma import\u00e2ncia no reconhecimento e valoriza\u00e7\u00e3o das identidades territoriais. Nesse sentido, os profissionais de design e arquitetura possuem um papel fundamental na articula\u00e7\u00e3o de projetos que promovam a cultura e os valores locais, fugindo da l\u00f3gica consumista de replica\u00e7\u00e3o. O objetivo do artigo \u00e9 entender o papel de profissionais de arquitetura e design na valoriza\u00e7\u00e3o da cultura e identidade locais. De natureza qualitativa explorat\u00f3ria, a metodologia incluiu a revis\u00e3o de literatura sobre os temas identidade cultural e artefatos, globaliza\u00e7\u00e3o e homogeneiza\u00e7\u00e3o cultural e design, identidade e territ\u00f3rio. A partir desses conceitos, foram analisados tr\u00eas estudos de caso que apresentam o papel do projetista agindo em comunidades para produ\u00e7\u00e3o de artefatos. Conclui-se que o projetista de fato possui um papel muito importante ao lidar com produtos culturais. Em dois dos casos analisados, os profissionais promoveram a valoriza\u00e7\u00e3o da cultura, tradi\u00e7\u00e3o e recursos locais, trabalhando em a\u00e7\u00f5es cujo benef\u00edcio foi revertido \u00e0 comunidade. No entanto, em um dos casos, percebeu-se que os artefatos produzidos n\u00e3o carregavam a identidade local da forma esperada e a cultura acabou sendo utilizada para reproduzir uma l\u00f3gica consumista.<\/p>\n\n\n\n<hr class=\"wp-block-separator has-text-color has-background has-nv-light-bg-background-color has-nv-light-bg-color\"\/>\n\n\n\n<p>[71]\u00a0<strong>Design cer\u00e2mico: Arte e t\u00e9cnica da tradi\u00e7\u00e3o dos azulejos em Portugal<\/strong><br><strong><em>Ceramic design: Art and technique of the tiles tradition in Portugal<\/em><\/strong>\u00a0<br><em>Lisiane Ilha Librelotto and Paulo Cesar Machado Ferroli<\/em><\/p>\n\n\n\n<p><a href=\"https:\/\/eventos.ufpr.br\/sds\/sds\/paper\/view\/4532\" data-type=\"URL\" data-id=\"https:\/\/eventos.ufpr.br\/sds\/sds\/paper\/view\/4532\">PDF Download<\/a>   |   <a href=\"https:\/\/youtu.be\/uScODJ3ELFQ\" data-type=\"URL\" data-id=\"https:\/\/youtu.be\/uScODJ3ELFQ\">YouTube Video<\/a><\/p>\n\n\n\n<p class=\"has-small-font-size\">Este artigo apresenta os resultados de uma pesquisa que teve como tema os azulejos em faian\u00e7a portuguesa. Os azulejos portugueses s\u00e3o mais do que revestimentos, s\u00e3o express\u00f5es art\u00edsticas que sobrevivem ao passar dos s\u00e9culos, cuja preserva\u00e7\u00e3o requer o conhecimento do design e das t\u00e9cnicas de fabrica\u00e7\u00e3o. Neste artigo foi realizada uma revis\u00e3o bibliogr\u00e1fica acerca dos azulejos em faian\u00e7a, originando uma amostra de imagens de diversos exemplares em visita \u00e0s cidades portuguesas. Como resultados, obteve-se uma s\u00edntese das principais publica\u00e7\u00f5es com a descri\u00e7\u00e3o do processo de fabrica\u00e7\u00e3o, t\u00e9cnicas de pintura e tintas utilizadas, principais ocorr\u00eancias patol\u00f3gicas nos revestimentos de fachadas e significado das artes impressas nestes pequenos quadros.<\/p>\n<\/div>\n\n\n\n<div class=\"wp-block-column\" style=\"flex-basis:5%\"><\/div>\n<\/div>\n\n\n\n<p><\/p>\n","protected":false},"excerpt":{"rendered":"<p>Artigos cient\u00edficos desta sess\u00e3o [#53]\u00a0Design, agroecologia e inova\u00e7\u00e3o social: Conceitos e an\u00e1lise de um servi\u00e7o relacional\u00a0Design, agroecology and social innovation: Concepts and analysis of a relational serviceThalita Barbalho and Rita Engler PDF Download | YouTube Video O presente artigo apresenta a revis\u00e3o dos conceitos de inova\u00e7\u00e3o social, design para a inova\u00e7\u00e3o social, servi\u00e7os tradicionais, design&hellip;&nbsp;<a href=\"http:\/\/www.sds2021.ufpr.br\/?p=866\" class=\"\" rel=\"bookmark\">Read More &raquo;<span class=\"screen-reader-text\">Sess\u00e3o t\u00e9cnica Dia 1 | 11:00 &#8211; 11:30<\/span><\/a><\/p>\n","protected":false},"author":2,"featured_media":0,"comment_status":"closed","ping_status":"closed","sticky":false,"template":"","format":"standard","meta":{"neve_meta_sidebar":"","neve_meta_container":"","neve_meta_enable_content_width":"","neve_meta_content_width":0,"neve_meta_title_alignment":"","neve_meta_author_avatar":"","neve_post_elements_order":"","neve_meta_disable_header":"","neve_meta_disable_footer":"","neve_meta_disable_title":""},"categories":[1],"tags":[],"_links":{"self":[{"href":"http:\/\/www.sds2021.ufpr.br\/index.php?rest_route=\/wp\/v2\/posts\/866"}],"collection":[{"href":"http:\/\/www.sds2021.ufpr.br\/index.php?rest_route=\/wp\/v2\/posts"}],"about":[{"href":"http:\/\/www.sds2021.ufpr.br\/index.php?rest_route=\/wp\/v2\/types\/post"}],"author":[{"embeddable":true,"href":"http:\/\/www.sds2021.ufpr.br\/index.php?rest_route=\/wp\/v2\/users\/2"}],"replies":[{"embeddable":true,"href":"http:\/\/www.sds2021.ufpr.br\/index.php?rest_route=%2Fwp%2Fv2%2Fcomments&post=866"}],"version-history":[{"count":6,"href":"http:\/\/www.sds2021.ufpr.br\/index.php?rest_route=\/wp\/v2\/posts\/866\/revisions"}],"predecessor-version":[{"id":1373,"href":"http:\/\/www.sds2021.ufpr.br\/index.php?rest_route=\/wp\/v2\/posts\/866\/revisions\/1373"}],"wp:attachment":[{"href":"http:\/\/www.sds2021.ufpr.br\/index.php?rest_route=%2Fwp%2Fv2%2Fmedia&parent=866"}],"wp:term":[{"taxonomy":"category","embeddable":true,"href":"http:\/\/www.sds2021.ufpr.br\/index.php?rest_route=%2Fwp%2Fv2%2Fcategories&post=866"},{"taxonomy":"post_tag","embeddable":true,"href":"http:\/\/www.sds2021.ufpr.br\/index.php?rest_route=%2Fwp%2Fv2%2Ftags&post=866"}],"curies":[{"name":"wp","href":"https:\/\/api.w.org\/{rel}","templated":true}]}}